{"id":1915,"date":"2019-09-12T09:58:34","date_gmt":"2019-09-12T09:58:34","guid":{"rendered":"https:\/\/elhombrejazmin.com\/?p=1915"},"modified":"2023-06-26T17:51:24","modified_gmt":"2023-06-26T17:51:24","slug":"presentacion-de-louvrage-de-blaise-perrin","status":"publish","type":"post","link":"https:\/\/gracielagarcia.com\/en\/presentacion-de-louvrage-de-blaise-perrin\/","title":{"rendered":"Presentaci\u00f3n de L&#8217;Ouvrage de Blaise Perrin"},"content":{"rendered":"<figure class=\"wp-block-image size-full\"><img loading=\"lazy\" decoding=\"async\" width=\"696\" height=\"1024\" src=\"https:\/\/gracielagarcia.com\/wp-content\/uploads\/BLAISE-PERRIN-EDUARDO-NAVE-EMAILING-696x1024-1.jpg\" alt=\"Blaise Perrin\" class=\"wp-image-3816\" srcset=\"https:\/\/gracielagarcia.com\/wp-content\/uploads\/BLAISE-PERRIN-EDUARDO-NAVE-EMAILING-696x1024-1.jpg 696w, https:\/\/gracielagarcia.com\/wp-content\/uploads\/BLAISE-PERRIN-EDUARDO-NAVE-EMAILING-696x1024-1-204x300.jpg 204w\" sizes=\"auto, (max-width: 696px) 100vw, 696px\" \/><\/figure>\n\n\n<p>El p\u00f3ximo mi\u00e9rcoles 18 de septiembre a las 19h tendr\u00e1 lugar una presentaci\u00f3n de \u00abL&#8217;Ouvrage\u00bb, el maravilloso proyecto de Blaise perrin sobre Justo Gallego y su Catedral en Mejorada del Campo.<\/p>\n<p>Nos vemos en el Institut Fran\u00e7ais de Madrid donde tendr\u00e9 el gusto de participar con unas palabras.<\/p>\n<p>Espero veros all\u00ed para celebrar el fin del verano.<\/p>\n<p>\u00a0<\/p>\n<p><img decoding=\"async\" src=\"http:\/\/elhombrejazmin.com\/wp-content\/imagenes\/2019\/09\/BLAISE-PERRIN-EDUARDO-NAVE-EMAILING.jpg\" alt=\"\" width=\"636\" \/><\/p>","protected":false},"excerpt":{"rendered":"<p>El p\u00f3ximo mi\u00e9rcoles 18 de septiembre a las 19h tendr\u00e1 lugar una presentaci\u00f3n de \u00abL&#8217;Ouvrage\u00bb, el maravilloso proyecto de Blaise perrin sobre Justo Gallego y su Catedral en Mejorada del Campo. Nos vemos en el Institut Fran\u00e7ais de Madrid donde tendr\u00e9 el gusto de participar con unas palabras. Espero veros all\u00ed para celebrar el fin [&hellip;]<\/p>","protected":false},"author":2,"featured_media":3051,"comment_status":"open","ping_status":"closed","sticky":false,"template":"","format":"standard","meta":{"footnotes":""},"categories":[6,65,3,64],"tags":[375,357,28],"class_list":["post-1915","post","type-post","status-publish","format-standard","has-post-thumbnail","hentry","category-art-brut","category-arte-outsider-en-espana","category-microuniversos","category-sin-categoria","tag-art-brut-espana","tag-justo-gallego","tag-visionary-environments"],"yoast_head":"<!-- This site is optimized with the Yoast SEO Premium plugin v21.0 (Yoast SEO v26.4) - https:\/\/yoast.com\/wordpress\/plugins\/seo\/ -->\n<title>Presentaci\u00f3n de L&#039;Ouvrage de Blaise Perrin - Graciela Garc\u00eda<\/title>\n<meta name=\"robots\" content=\"index, follow, max-snippet:-1, max-image-preview:large, max-video-preview:-1\" \/>\n<link rel=\"canonical\" href=\"https:\/\/gracielagarcia.com\/en\/presentacion-de-louvrage-de-blaise-perrin\/\" \/>\n<meta property=\"og:locale\" content=\"en_US\" \/>\n<meta property=\"og:type\" content=\"article\" \/>\n<meta property=\"og:title\" content=\"Presentaci\u00f3n de L&#039;Ouvrage de Blaise Perrin\" \/>\n<meta property=\"og:description\" content=\"El p\u00f3ximo mi\u00e9rcoles 18 de septiembre a las 19h tendr\u00e1 lugar una presentaci\u00f3n de \u00abL&#8217;Ouvrage\u00bb, el maravilloso proyecto de Blaise perrin sobre Justo Gallego y su Catedral en Mejorada del Campo. Nos vemos en el Institut Fran\u00e7ais de Madrid donde tendr\u00e9 el gusto de participar con unas palabras. Espero veros all\u00ed para celebrar el fin [&hellip;]\" \/>\n<meta property=\"og:url\" content=\"https:\/\/gracielagarcia.com\/en\/presentacion-de-louvrage-de-blaise-perrin\/\" \/>\n<meta property=\"og:site_name\" content=\"Graciela Garc\u00eda\" \/>\n<meta property=\"article:published_time\" content=\"2019-09-12T09:58:34+00:00\" \/>\n<meta property=\"article:modified_time\" content=\"2023-06-26T17:51:24+00:00\" \/>\n<meta property=\"og:image\" content=\"https:\/\/gracielagarcia.com\/wp-content\/uploads\/louvrage-blaisse-perrin.jpg\" \/>\n\t<meta property=\"og:image:width\" content=\"1100\" \/>\n\t<meta property=\"og:image:height\" content=\"1422\" \/>\n\t<meta property=\"og:image:type\" content=\"image\/jpeg\" \/>\n<meta name=\"author\" content=\"Graciela Garc\u00eda\" \/>\n<meta name=\"twitter:card\" content=\"summary_large_image\" \/>\n<meta name=\"twitter:label1\" content=\"Written by\" \/>\n\t<meta name=\"twitter:data1\" content=\"Graciela Garc\u00eda\" \/>\n\t<meta name=\"twitter:label2\" content=\"Est. reading time\" \/>\n\t<meta name=\"twitter:data2\" content=\"2 minutes\" \/>\n<script type=\"application\/ld+json\" class=\"yoast-schema-graph\">{\"@context\":\"https:\/\/schema.org\",\"@graph\":[{\"@type\":\"WebPage\",\"@id\":\"https:\/\/gracielagarcia.com\/presentacion-de-louvrage-de-blaise-perrin\/\",\"url\":\"https:\/\/gracielagarcia.com\/presentacion-de-louvrage-de-blaise-perrin\/\",\"name\":\"Presentaci\u00f3n de L'Ouvrage de Blaise Perrin - Graciela Garc\u00eda\",\"isPartOf\":{\"@id\":\"https:\/\/gracielagarcia.com\/#website\"},\"primaryImageOfPage\":{\"@id\":\"https:\/\/gracielagarcia.com\/presentacion-de-louvrage-de-blaise-perrin\/#primaryimage\"},\"image\":{\"@id\":\"https:\/\/gracielagarcia.com\/presentacion-de-louvrage-de-blaise-perrin\/#primaryimage\"},\"thumbnailUrl\":\"https:\/\/gracielagarcia.com\/wp-content\/uploads\/louvrage-blaisse-perrin.jpg\",\"datePublished\":\"2019-09-12T09:58:34+00:00\",\"dateModified\":\"2023-06-26T17:51:24+00:00\",\"author\":{\"@id\":\"https:\/\/gracielagarcia.com\/#\/schema\/person\/34a8dd65be73f7ae56094b1e0cf69288\"},\"breadcrumb\":{\"@id\":\"https:\/\/gracielagarcia.com\/presentacion-de-louvrage-de-blaise-perrin\/#breadcrumb\"},\"inLanguage\":\"en-US\",\"potentialAction\":[{\"@type\":\"ReadAction\",\"target\":[\"https:\/\/gracielagarcia.com\/presentacion-de-louvrage-de-blaise-perrin\/\"]}]},{\"@type\":\"ImageObject\",\"inLanguage\":\"en-US\",\"@id\":\"https:\/\/gracielagarcia.com\/presentacion-de-louvrage-de-blaise-perrin\/#primaryimage\",\"url\":\"https:\/\/gracielagarcia.com\/wp-content\/uploads\/louvrage-blaisse-perrin.jpg\",\"contentUrl\":\"https:\/\/gracielagarcia.com\/wp-content\/uploads\/louvrage-blaisse-perrin.jpg\",\"width\":1100,\"height\":1422,\"caption\":\"l'ouvrage blaisse perrin\"},{\"@type\":\"BreadcrumbList\",\"@id\":\"https:\/\/gracielagarcia.com\/presentacion-de-louvrage-de-blaise-perrin\/#breadcrumb\",\"itemListElement\":[{\"@type\":\"ListItem\",\"position\":1,\"name\":\"Home\",\"item\":\"https:\/\/gracielagarcia.com\/\"},{\"@type\":\"ListItem\",\"position\":2,\"name\":\"Presentaci\u00f3n de L&#8217;Ouvrage de Blaise Perrin\"}]},{\"@type\":\"WebSite\",\"@id\":\"https:\/\/gracielagarcia.com\/#website\",\"url\":\"https:\/\/gracielagarcia.com\/\",\"name\":\"Graciela Garc\u00eda\",\"description\":\"\",\"potentialAction\":[{\"@type\":\"SearchAction\",\"target\":{\"@type\":\"EntryPoint\",\"urlTemplate\":\"https:\/\/gracielagarcia.com\/?s={search_term_string}\"},\"query-input\":{\"@type\":\"PropertyValueSpecification\",\"valueRequired\":true,\"valueName\":\"search_term_string\"}}],\"inLanguage\":\"en-US\"},{\"@type\":\"Person\",\"@id\":\"https:\/\/gracielagarcia.com\/#\/schema\/person\/34a8dd65be73f7ae56094b1e0cf69288\",\"name\":\"Graciela Garc\u00eda\",\"image\":{\"@type\":\"ImageObject\",\"inLanguage\":\"en-US\",\"@id\":\"https:\/\/gracielagarcia.com\/#\/schema\/person\/image\/\",\"url\":\"https:\/\/secure.gravatar.com\/avatar\/dadf67739578128fdecf4f8ba5751e1d2051a52d0312007feb1d00fc76f23263?s=96&d=mm&r=g\",\"contentUrl\":\"https:\/\/secure.gravatar.com\/avatar\/dadf67739578128fdecf4f8ba5751e1d2051a52d0312007feb1d00fc76f23263?s=96&d=mm&r=g\",\"caption\":\"Graciela Garc\u00eda\"},\"url\":\"https:\/\/gracielagarcia.com\/en\/author\/admin\/\"}]}<\/script>\n<!-- \/ Yoast SEO Premium plugin. -->","yoast_head_json":{"title":"Presentaci\u00f3n de L'Ouvrage de Blaise Perrin - Graciela Garc\u00eda","robots":{"index":"index","follow":"follow","max-snippet":"max-snippet:-1","max-image-preview":"max-image-preview:large","max-video-preview":"max-video-preview:-1"},"canonical":"https:\/\/gracielagarcia.com\/en\/presentacion-de-louvrage-de-blaise-perrin\/","og_locale":"en_US","og_type":"article","og_title":"Presentaci\u00f3n de L'Ouvrage de Blaise Perrin","og_description":"El p\u00f3ximo mi\u00e9rcoles 18 de septiembre a las 19h tendr\u00e1 lugar una presentaci\u00f3n de \u00abL&#8217;Ouvrage\u00bb, el maravilloso proyecto de Blaise perrin sobre Justo Gallego y su Catedral en Mejorada del Campo. Nos vemos en el Institut Fran\u00e7ais de Madrid donde tendr\u00e9 el gusto de participar con unas palabras. Espero veros all\u00ed para celebrar el fin [&hellip;]","og_url":"https:\/\/gracielagarcia.com\/en\/presentacion-de-louvrage-de-blaise-perrin\/","og_site_name":"Graciela Garc\u00eda","article_published_time":"2019-09-12T09:58:34+00:00","article_modified_time":"2023-06-26T17:51:24+00:00","og_image":[{"width":1100,"height":1422,"url":"https:\/\/gracielagarcia.com\/wp-content\/uploads\/louvrage-blaisse-perrin.jpg","type":"image\/jpeg"}],"author":"Graciela Garc\u00eda","twitter_card":"summary_large_image","twitter_misc":{"Written by":"Graciela Garc\u00eda","Est. reading time":"2 minutes"},"schema":{"@context":"https:\/\/schema.org","@graph":[{"@type":"WebPage","@id":"https:\/\/gracielagarcia.com\/presentacion-de-louvrage-de-blaise-perrin\/","url":"https:\/\/gracielagarcia.com\/presentacion-de-louvrage-de-blaise-perrin\/","name":"Presentaci\u00f3n de L'Ouvrage de Blaise Perrin - Graciela Garc\u00eda","isPartOf":{"@id":"https:\/\/gracielagarcia.com\/#website"},"primaryImageOfPage":{"@id":"https:\/\/gracielagarcia.com\/presentacion-de-louvrage-de-blaise-perrin\/#primaryimage"},"image":{"@id":"https:\/\/gracielagarcia.com\/presentacion-de-louvrage-de-blaise-perrin\/#primaryimage"},"thumbnailUrl":"https:\/\/gracielagarcia.com\/wp-content\/uploads\/louvrage-blaisse-perrin.jpg","datePublished":"2019-09-12T09:58:34+00:00","dateModified":"2023-06-26T17:51:24+00:00","author":{"@id":"https:\/\/gracielagarcia.com\/#\/schema\/person\/34a8dd65be73f7ae56094b1e0cf69288"},"breadcrumb":{"@id":"https:\/\/gracielagarcia.com\/presentacion-de-louvrage-de-blaise-perrin\/#breadcrumb"},"inLanguage":"en-US","potentialAction":[{"@type":"ReadAction","target":["https:\/\/gracielagarcia.com\/presentacion-de-louvrage-de-blaise-perrin\/"]}]},{"@type":"ImageObject","inLanguage":"en-US","@id":"https:\/\/gracielagarcia.com\/presentacion-de-louvrage-de-blaise-perrin\/#primaryimage","url":"https:\/\/gracielagarcia.com\/wp-content\/uploads\/louvrage-blaisse-perrin.jpg","contentUrl":"https:\/\/gracielagarcia.com\/wp-content\/uploads\/louvrage-blaisse-perrin.jpg","width":1100,"height":1422,"caption":"l'ouvrage blaisse perrin"},{"@type":"BreadcrumbList","@id":"https:\/\/gracielagarcia.com\/presentacion-de-louvrage-de-blaise-perrin\/#breadcrumb","itemListElement":[{"@type":"ListItem","position":1,"name":"Home","item":"https:\/\/gracielagarcia.com\/"},{"@type":"ListItem","position":2,"name":"Presentaci\u00f3n de L&#8217;Ouvrage de Blaise Perrin"}]},{"@type":"WebSite","@id":"https:\/\/gracielagarcia.com\/#website","url":"https:\/\/gracielagarcia.com\/","name":"Graciela Garc\u00eda","description":"","potentialAction":[{"@type":"SearchAction","target":{"@type":"EntryPoint","urlTemplate":"https:\/\/gracielagarcia.com\/?s={search_term_string}"},"query-input":{"@type":"PropertyValueSpecification","valueRequired":true,"valueName":"search_term_string"}}],"inLanguage":"en-US"},{"@type":"Person","@id":"https:\/\/gracielagarcia.com\/#\/schema\/person\/34a8dd65be73f7ae56094b1e0cf69288","name":"Graciela Garc\u00eda","image":{"@type":"ImageObject","inLanguage":"en-US","@id":"https:\/\/gracielagarcia.com\/#\/schema\/person\/image\/","url":"https:\/\/secure.gravatar.com\/avatar\/dadf67739578128fdecf4f8ba5751e1d2051a52d0312007feb1d00fc76f23263?s=96&d=mm&r=g","contentUrl":"https:\/\/secure.gravatar.com\/avatar\/dadf67739578128fdecf4f8ba5751e1d2051a52d0312007feb1d00fc76f23263?s=96&d=mm&r=g","caption":"Graciela Garc\u00eda"},"url":"https:\/\/gracielagarcia.com\/en\/author\/admin\/"}]}},"_links":{"self":[{"href":"https:\/\/gracielagarcia.com\/en\/wp-json\/wp\/v2\/posts\/1915","targetHints":{"allow":["GET"]}}],"collection":[{"href":"https:\/\/gracielagarcia.com\/en\/wp-json\/wp\/v2\/posts"}],"about":[{"href":"https:\/\/gracielagarcia.com\/en\/wp-json\/wp\/v2\/types\/post"}],"author":[{"embeddable":true,"href":"https:\/\/gracielagarcia.com\/en\/wp-json\/wp\/v2\/users\/2"}],"replies":[{"embeddable":true,"href":"https:\/\/gracielagarcia.com\/en\/wp-json\/wp\/v2\/comments?post=1915"}],"version-history":[{"count":4,"href":"https:\/\/gracielagarcia.com\/en\/wp-json\/wp\/v2\/posts\/1915\/revisions"}],"predecessor-version":[{"id":3818,"href":"https:\/\/gracielagarcia.com\/en\/wp-json\/wp\/v2\/posts\/1915\/revisions\/3818"}],"wp:featuredmedia":[{"embeddable":true,"href":"https:\/\/gracielagarcia.com\/en\/wp-json\/wp\/v2\/media\/3051"}],"wp:attachment":[{"href":"https:\/\/gracielagarcia.com\/en\/wp-json\/wp\/v2\/media?parent=1915"}],"wp:term":[{"taxonomy":"category","embeddable":true,"href":"https:\/\/gracielagarcia.com\/en\/wp-json\/wp\/v2\/categories?post=1915"},{"taxonomy":"post_tag","embeddable":true,"href":"https:\/\/gracielagarcia.com\/en\/wp-json\/wp\/v2\/tags?post=1915"}],"curies":[{"name":"wp","href":"https:\/\/api.w.org\/{rel}","templated":true}]}}